{"id":14947,"date":"2025-09-20T20:51:28","date_gmt":"2025-09-20T20:51:28","guid":{"rendered":"https:\/\/katherinepineda.com\/?p=14947"},"modified":"2025-12-04T18:31:28","modified_gmt":"2025-12-04T23:31:28","slug":"%f0%9f%8c%a4-climas-organizacionales","status":"publish","type":"post","link":"https:\/\/katherinepineda.com\/?p=14947","title":{"rendered":"\ud83c\udf24 Clima Organizacional"},"content":{"rendered":"\t\t<div data-elementor-type=\"wp-post\" data-elementor-id=\"14947\" class=\"elementor elementor-14947\" data-elementor-post-type=\"post\">\n\t\t\t\t<div class=\"elementor-element elementor-element-57fd1f53 e-flex e-con-boxed e-con e-parent\" data-id=\"57fd1f53\" data-element_type=\"container\" data-e-type=\"container\">\n\t\t\t\t\t<div class=\"e-con-inner\">\n\t\t\t\t<div class=\"elementor-element elementor-element-1d4d9e01 elementor-widget elementor-widget-text-editor\" data-id=\"1d4d9e01\" data-element_type=\"widget\" data-e-type=\"widget\" data-widget_type=\"text-editor.default\">\n\t\t\t\t<div class=\"elementor-widget-container\">\n\t\t\t\t\t\t\t\t\t<p><\/p>\n<p class=\"has-large-font-size\"><strong>El Pulso Emocional que Define el Rumbo de las Empresas<\/strong><\/p>\n<p><\/p>\n<p id=\"ember60\">El clima organizacional es la percepci\u00f3n colectiva que tienen los colaboradores sobre el ambiente emocional, relacional y estructural dentro de una empresa, convirti\u00e9ndose en un fiel reflejo de c\u00f3mo se vive el d\u00eda a d\u00eda laboral en t\u00e9rminos de comunicaci\u00f3n, el estilo de liderazgo, el nivel de confianza, las oportunidades de crecimiento y el sentido de pertenencia. El clima organizacional influye en la motivaci\u00f3n, el <a href=\"https:\/\/katherinepineda.com\/?page_id=51\">prop\u00f3sito<\/a>, la productividad y el bienestar impactando significativamente en la atracci\u00f3n y retenci\u00f3n del talento, as\u00ed como en la reputaci\u00f3n de la marca empleadora, convirti\u00e9ndose en un indicador de la salud emocional de una organizaci\u00f3n.<\/p>\n<p><\/p>\n<p id=\"ember61\"><img decoding=\"async\" draggable=\"false\" role=\"img\" class=\"emoji\" alt=\"\ud83c\udf21\" src=\"https:\/\/s.w.org\/images\/core\/emoji\/17.0.2\/svg\/1f321.svg\"><strong> Tipos de Clima Organizacional seg\u00fan Rensis Likert Psic\u00f3logo Organizacional:<\/strong><\/p>\n<p><\/p>\n<p id=\"ember62\"><strong><em>1. Clima Autoritario Explotador<\/em><\/strong><\/p>\n<p><\/p>\n<ul class=\"wp-block-list\"><p><\/p>\n<li><strong>Se caracteriza por:<\/strong> El control r\u00edgido, las decisiones unilaterales, la comunicaci\u00f3n descendente y el uso del miedo y castigo como mecanismos de control.<\/li>\n<p><\/p>\n<li><strong>Impacto emocional: <\/strong>Ansiedad, desmotivaci\u00f3n, burnout, sensaci\u00f3n de invisibilidad.<\/li>\n<p><\/p>\n<li><strong>Consecuencias: <\/strong>Alta rotaci\u00f3n, reputaci\u00f3n negativa, fuga de talento, bajo compromiso.<\/li>\n<p><\/p>\n<li><strong>Marca empleadora:<\/strong> Percibida como t\u00f3xica, poco humana, centrada en resultados sin cuidar a las personas.<\/li>\n<p><\/p>\n<\/ul>\n<p><\/p>\n<p id=\"ember64\"><strong><em>2. Clima Autoritario Paternalista<\/em><\/strong><\/p>\n<p><\/p>\n<ul class=\"wp-block-list\"><p><\/p>\n<li><strong>Se caracteriza por:<\/strong> Un Liderazgo protector pero de microgesti\u00f3n y las decisiones centralizadas con aparente preocupaci\u00f3n por el bienestar.<\/li>\n<p><\/p>\n<li><strong>Impacto emocional:<\/strong> Dependencia emocional, baja autonom\u00eda, ambivalencia afectiva.<\/li>\n<p><\/p>\n<li><strong>Consecuencias:<\/strong> Talento retenido por lealtad, pero limitado en innovaci\u00f3n y crecimiento.<\/li>\n<p><\/p>\n<li><strong>Marca empleadora: <\/strong>Vista como tradicional, segura pero poco desafiante.<\/li>\n<p><\/p>\n<\/ul>\n<p><\/p>\n<p id=\"ember66\"><strong><em>3. Clima Participativo Consultivo<\/em><\/strong><\/p>\n<p><\/p>\n<ul class=\"wp-block-list\"><p><\/p>\n<li><strong>Se caracteriza por: <\/strong>Generar una confianza moderada,&nbsp; muestra apertura al di\u00e1logo y se consultan en decisiones clave.<\/li>\n<p><\/p>\n<li><strong>Impacto emocional: <\/strong>Mayor motivaci\u00f3n, sentido de pertenencia, desarrollo de habilidades.<\/li>\n<p><\/p>\n<li><strong>Consecuencias: <\/strong>Mejora la retenci\u00f3n y la atracci\u00f3n de talento y refleja visi\u00f3n de crecimiento.<\/li>\n<p><\/p>\n<li><strong>Marca empleadora: <\/strong>Reconocida por su liderazgo consciente y cultura de escucha.<\/li>\n<p><\/p>\n<\/ul>\n<p><\/p>\n<p id=\"ember68\"><strong><em>4.&nbsp; Clima Participativo en Grupo<\/em><\/strong><\/p>\n<p><\/p>\n<ul class=\"wp-block-list\"><p><\/p>\n<li><strong>Se caracteriza por:<\/strong>Cultivar la toma de decisiones compartida,el&nbsp; liderazgo es distribuido y la comunicaci\u00f3n&nbsp; es abierta y bidireccional.<\/li>\n<p><\/p>\n<li><strong>Impacto emocional:<\/strong> Elevado bienestar, autonom\u00eda, creatividad, resiliencia.<\/li>\n<p><\/p>\n<li><strong>Consecuencias:<\/strong> Alta retenci\u00f3n, atracci\u00f3n de talento innovador, reputaci\u00f3n s\u00f3lida.<\/li>\n<p><\/p>\n<li><strong>Marca empleadora: <\/strong>Referente en cultura humana, colaborativa y transformadora.<\/li>\n<p><\/p>\n<\/ul>\n<p><\/p>\n<p id=\"ember70\"><strong><img decoding=\"async\" draggable=\"false\" role=\"img\" class=\"emoji\" alt=\"\ud83d\udca1\" src=\"https:\/\/s.w.org\/images\/core\/emoji\/17.0.2\/svg\/1f4a1.svg\"> Recomendaciones para mejorar el clima organizacional:<\/strong><\/p>\n<p><\/p>\n<ul class=\"wp-block-list\"><p><\/p>\n<li><strong>Escucha activa:<\/strong> No solo o\u00edr, sino comprender desde la empat\u00eda.<\/li>\n<p><\/p>\n<li><strong>Comunicaci\u00f3n consciente:<\/strong> Cercana, clara y emocionalmente responsable sin olvidar la importancia de la conexi\u00f3n emocional. Estos espacios de conversaci\u00f3n<\/li>\n<p><\/p>\n<li><strong>Oportunidades de desarrollo:<\/strong> Formaci\u00f3n, mentor\u00eda y coaching que contribuya al crecimiento personal y profesional.<\/li>\n<p><\/p>\n<li><strong>Servicio y apoyo: <\/strong>Liderar desde el cuidado y la bondad.<\/li>\n<p><\/p>\n<li><strong>Evitar la microgesti\u00f3n y fortalecer el reconocimiento: <\/strong>Confiar en el talento, permitir autonom\u00eda valorando el talento de cada colaborador.<\/li>\n<p><\/p>\n<li><strong>Retroalimentaci\u00f3n continua: <\/strong>No solo evaluar, sino acompa\u00f1ar, viendo el feedback como una oportunidad de crecimiento y retenci\u00f3n y motivaci\u00f3n.<\/li>\n<p><\/p>\n<li><strong>Cuidar la salud emocional: <\/strong>Brindar espacios de contenci\u00f3n, pausas activas y bienestar integral.<\/li>\n<p><\/p>\n<\/ul>\n<p><\/p>\n<p id=\"ember72\"><strong><em>\u201cEl clima organizacional no se ve, pero se siente\u2026 y lo que se siente, transforma o destruye.\u201d<\/em><\/strong><\/p>\n<p><\/p>\n<p id=\"ember73\">\u00bfQu\u00e9 otro factor consideras fundamental para impactar positivamente el clima laboral? <br><br>\u00a1Agenda tu asesor\u00eda con nosotros, y conoce el clima real de tu organizaci\u00f3n!<\/p>\n<p><\/p>\t\t\t\t\t\t\t\t<\/div>\n\t\t\t\t<\/div>\n\t\t\t\t\t<\/div>\n\t\t\t\t<\/div>\n\t\t\t\t<\/div>\n\t\t","protected":false},"excerpt":{"rendered":"<p>El Pulso Emocional que Define el Rumbo de las Empresas El clima organizacional es la percepci\u00f3n colectiva que tienen los colaboradores sobre el ambiente emocional, relacional y estructural dentro de una empresa, convirti\u00e9ndose en un fiel reflejo de c\u00f3mo se vive el d\u00eda a d\u00eda laboral en t\u00e9rminos de comunicaci\u00f3n, el estilo de liderazgo, el &#8230; <a title=\"\ud83c\udf24 Clima Organizacional\" class=\"read-more\" href=\"https:\/\/katherinepineda.com\/?p=14947\" aria-label=\"Leer m\u00e1s sobre \ud83c\udf24 Clima Organizacional\">Leer m\u00e1s<\/a><\/p>\n","protected":false},"author":2,"featured_media":14948,"comment_status":"open","ping_status":"open","sticky":false,"template":"","format":"standard","meta":{"footnotes":""},"categories":[1],"tags":[],"class_list":["post-14947","post","type-post","status-publish","format-standard","has-post-thumbnail","hentry","category-uncategorized"],"aioseo_notices":[],"_links":{"self":[{"href":"https:\/\/katherinepineda.com\/index.php?rest_route=\/wp\/v2\/posts\/14947","targetHints":{"allow":["GET"]}}],"collection":[{"href":"https:\/\/katherinepineda.com\/index.php?rest_route=\/wp\/v2\/posts"}],"about":[{"href":"https:\/\/katherinepineda.com\/index.php?rest_route=\/wp\/v2\/types\/post"}],"author":[{"embeddable":true,"href":"https:\/\/katherinepineda.com\/index.php?rest_route=\/wp\/v2\/users\/2"}],"replies":[{"embeddable":true,"href":"https:\/\/katherinepineda.com\/index.php?rest_route=%2Fwp%2Fv2%2Fcomments&post=14947"}],"version-history":[{"count":10,"href":"https:\/\/katherinepineda.com\/index.php?rest_route=\/wp\/v2\/posts\/14947\/revisions"}],"predecessor-version":[{"id":15026,"href":"https:\/\/katherinepineda.com\/index.php?rest_route=\/wp\/v2\/posts\/14947\/revisions\/15026"}],"wp:featuredmedia":[{"embeddable":true,"href":"https:\/\/katherinepineda.com\/index.php?rest_route=\/wp\/v2\/media\/14948"}],"wp:attachment":[{"href":"https:\/\/katherinepineda.com\/index.php?rest_route=%2Fwp%2Fv2%2Fmedia&parent=14947"}],"wp:term":[{"taxonomy":"category","embeddable":true,"href":"https:\/\/katherinepineda.com\/index.php?rest_route=%2Fwp%2Fv2%2Fcategories&post=14947"},{"taxonomy":"post_tag","embeddable":true,"href":"https:\/\/katherinepineda.com\/index.php?rest_route=%2Fwp%2Fv2%2Ftags&post=14947"}],"curies":[{"name":"wp","href":"https:\/\/api.w.org\/{rel}","templated":true}]}}