{"id":14964,"date":"2025-09-20T21:42:22","date_gmt":"2025-09-20T21:42:22","guid":{"rendered":"https:\/\/katherinepineda.com\/?p=14964"},"modified":"2025-12-04T18:08:11","modified_gmt":"2025-12-04T23:08:11","slug":"liderazgo-consciente","status":"publish","type":"post","link":"https:\/\/katherinepineda.com\/?p=14964","title":{"rendered":"Liderazgo Consciente:"},"content":{"rendered":"\t\t<div data-elementor-type=\"wp-post\" data-elementor-id=\"14964\" class=\"elementor elementor-14964\" data-elementor-post-type=\"post\">\n\t\t\t\t<div class=\"elementor-element elementor-element-4a4770c1 e-flex e-con-boxed e-con e-parent\" data-id=\"4a4770c1\" data-element_type=\"container\" data-e-type=\"container\">\n\t\t\t\t\t<div class=\"e-con-inner\">\n\t\t\t\t<div class=\"elementor-element elementor-element-75dec768 elementor-widget elementor-widget-text-editor\" data-id=\"75dec768\" data-element_type=\"widget\" data-e-type=\"widget\" data-widget_type=\"text-editor.default\">\n\t\t\t\t<div class=\"elementor-widget-container\">\n\t\t\t\t\t\t\t\t\t\n<h1 class=\"wp-block-heading\"><strong>Adaptabilidad sin Renunciar a la Esencia<\/strong><\/h1>\n\n\n\n<p><a href=\"https:\/\/www.linkedin.com\/company\/katherine-pineda-e-impacto-organizacional\/\"><\/a><\/p>\n\n\n\n<p id=\"ember60\">En tiempos de cambio vertiginoso, transformaci\u00f3n digital y desaf\u00edos emocionales profundos, el liderazgo ya no se mide solo por resultados cuantificables, sino por su capacidad de <strong>conectar, inspirar y sostener desde el prop\u00f3sito<\/strong>. En Colombia y LATAM, donde los contextos organizacionales exigen resiliencia, humanidad y visi\u00f3n, se abre paso una nueva forma de liderar: <strong>el liderazgo consciente<\/strong>, aquel que se adapta sin traicionarse, y que reconoce que para transformar afuera, primero hay que transformar dentro.<\/p>\n\n\n\n<p id=\"ember61\"><strong>Un l\u00edder consciente conoce su <a href=\"https:\/\/katherinepineda.com\/?page_id=47\" title=\"prop\u00f3sito \">prop\u00f3sito <\/a>y el de los dem\u00e1s<\/strong><\/p>\n\n\n\n<p id=\"ember62\">M\u00e1s que una funci\u00f3n jer\u00e1rquica, liderar implica <strong>encarnar sentido<\/strong>. Un l\u00edder consciente:<\/p>\n\n\n\n<ul class=\"wp-block-list\">\n<li>Tiene claridad sobre su prop\u00f3sito personal y lo alinea con el prop\u00f3sito superior de la organizaci\u00f3n.<\/li>\n\n\n\n<li>Se interesa genuinamente por descubrir los prop\u00f3sitos individuales de sus colaboradores.<\/li>\n\n\n\n<li>Conecta estos prop\u00f3sitos de forma estrat\u00e9gica, creando culturas laborales donde el trabajo deja de ser una obligaci\u00f3n para convertirse en una fuente de realizaci\u00f3n.<\/li>\n<\/ul>\n\n\n\n<p id=\"ember64\"><strong><em>Esta pr\u00e1ctica genera confianza, sentido de pertenencia y motivaci\u00f3n intr\u00ednseca, claves para la sostenibilidad organizacional.<\/em><\/strong><\/p>\n\n\n\n<p id=\"ember65\">\ud83e\uddca<strong>Ir m\u00e1s all\u00e1 de la punta del iceberg: liderazgo que interviene con profundidad<\/strong><\/p>\n\n\n\n<p id=\"ember66\">La alta rotaci\u00f3n de personal no es solo un s\u00edntoma: es un llamado a mirar m\u00e1s all\u00e1. El l\u00edder consciente:<\/p>\n\n\n\n<ul class=\"wp-block-list\">\n<li>No se conforma con explicaciones superficiales.<\/li>\n\n\n\n<li>Indaga las verdaderas causas del desgaste emocional, la desconexi\u00f3n con el prop\u00f3sito y la falta de sentido.<\/li>\n\n\n\n<li>Propone <strong>acciones de intervenci\u00f3n reales<\/strong> que impactan positivamente el clima laboral y transforman la cultura organizacional desde lo humano.En esta instancia ser\u00e1 fundamental el redise\u00f1o de procesos desde la experiencia del colaborador y pr\u00e1cticas de autocuidado organizacional que fortalezcan la marca empleadora.<\/li>\n<\/ul>\n\n\n\n<p id=\"ember68\">Es importante entender que un l\u00edder que desea adaptarse no implica que tenga que camuflarse ni ceder en lo esencial sino ser verdaderamente consciente que <strong>Integra la resiliencia y la flexibilidad<\/strong> como competencias claves sin sacrificar su sistema de valores, incentiva la <strong>cultura del servicio<\/strong> como eje del trabajo colaborativo y reconoce el poder de los <strong>actos de amabilidad y empat\u00eda<\/strong> como catalizadores de v\u00ednculos sanos y entornos laborales armoniosos.<\/p>\n\n\n\n<p id=\"ember69\">Cuando un l\u00edder fomenta relaciones humanas reales, contribuye a disminuir fen\u00f3menos como la <strong>\u201crenuncia silenciosa\u201d<\/strong>, donde el profesional se desconecta emocionalmente de su trabajo, aunque permanezca f\u00edsicamente en \u00e9l, hasta que finalmente materializa su renuncia.<\/p>\n\n\n\n<p id=\"ember70\">El liderazgo empieza por dentro, por eso la transformaci\u00f3n sostenible y coherente comienza en el interior de quien lidera. Antes de pedir compromiso, creatividad o productividad, el l\u00edder consciente <strong>cultiva presencia, coherencia emocional y prop\u00f3sito propio<\/strong>.<\/p>\n\n\n\n<p id=\"ember71\"><strong><em>\u00abPorque solo quien se lidera a s\u00ed mismo con honestidad puede ser faro para otros. Y solo quien transforma su propia narrativa puede ayudar a otros a transformar la suya\u00bb.<\/em><\/strong><\/p>\n\n\n\n<p id=\"ember72\"><strong>\u00bfY t\u00fa, c\u00f3mo lideras?<\/strong><\/p>\n\n\n\n<p id=\"ember73\">\ud83d\udc49 \u00bfEst\u00e1s alineando tu prop\u00f3sito con el de tu equipo?<\/p>\n\n\n\n<p id=\"ember74\">\ud83d\udc49 \u00bfPromueves entornos laborales donde lo humano es tan importante como lo estrat\u00e9gico?<\/p>\n\n\n\n<p id=\"ember75\">\ud83d\udc49 \u00bfQuieres transformar tu estilo de liderazgo desde dentro?<\/p>\n\n\n\n<p id=\"ember76\">\u2728 Comenta y comparte este art\u00edculo con otros l\u00edderes que est\u00e9n listos para evolucionar.<\/p>\n\n\n\n<p id=\"ember77\"><strong><em>El liderazgo consciente no se impone: se contagia.<\/em><\/strong><\/p>\n\n\n\n<p>Si quieres transformar tu liderazgo con nuestro acompa\u00f1amiento, estamos dispuestos a apoyarte.<\/p>\n\n\n\n<p><\/p>\n\t\t\t\t\t\t\t\t<\/div>\n\t\t\t\t<\/div>\n\t\t\t\t\t<\/div>\n\t\t\t\t<\/div>\n\t\t\t\t<\/div>\n\t\t","protected":false},"excerpt":{"rendered":"<p>Adaptabilidad sin Renunciar a la Esencia En tiempos de cambio vertiginoso, transformaci\u00f3n digital y desaf\u00edos emocionales profundos, el liderazgo ya no se mide solo por resultados cuantificables, sino por su capacidad de conectar, inspirar y sostener desde el prop\u00f3sito. En Colombia y LATAM, donde los contextos organizacionales exigen resiliencia, humanidad y visi\u00f3n, se abre paso &#8230; <a title=\"Liderazgo Consciente:\" class=\"read-more\" href=\"https:\/\/katherinepineda.com\/?p=14964\" aria-label=\"Leer m\u00e1s sobre Liderazgo Consciente:\">Leer m\u00e1s<\/a><\/p>\n","protected":false},"author":2,"featured_media":14965,"comment_status":"open","ping_status":"open","sticky":false,"template":"","format":"standard","meta":{"footnotes":""},"categories":[1],"tags":[],"class_list":["post-14964","post","type-post","status-publish","format-standard","has-post-thumbnail","hentry","category-uncategorized"],"aioseo_notices":[],"_links":{"self":[{"href":"https:\/\/katherinepineda.com\/index.php?rest_route=\/wp\/v2\/posts\/14964","targetHints":{"allow":["GET"]}}],"collection":[{"href":"https:\/\/katherinepineda.com\/index.php?rest_route=\/wp\/v2\/posts"}],"about":[{"href":"https:\/\/katherinepineda.com\/index.php?rest_route=\/wp\/v2\/types\/post"}],"author":[{"embeddable":true,"href":"https:\/\/katherinepineda.com\/index.php?rest_route=\/wp\/v2\/users\/2"}],"replies":[{"embeddable":true,"href":"https:\/\/katherinepineda.com\/index.php?rest_route=%2Fwp%2Fv2%2Fcomments&post=14964"}],"version-history":[{"count":6,"href":"https:\/\/katherinepineda.com\/index.php?rest_route=\/wp\/v2\/posts\/14964\/revisions"}],"predecessor-version":[{"id":15022,"href":"https:\/\/katherinepineda.com\/index.php?rest_route=\/wp\/v2\/posts\/14964\/revisions\/15022"}],"wp:featuredmedia":[{"embeddable":true,"href":"https:\/\/katherinepineda.com\/index.php?rest_route=\/wp\/v2\/media\/14965"}],"wp:attachment":[{"href":"https:\/\/katherinepineda.com\/index.php?rest_route=%2Fwp%2Fv2%2Fmedia&parent=14964"}],"wp:term":[{"taxonomy":"category","embeddable":true,"href":"https:\/\/katherinepineda.com\/index.php?rest_route=%2Fwp%2Fv2%2Fcategories&post=14964"},{"taxonomy":"post_tag","embeddable":true,"href":"https:\/\/katherinepineda.com\/index.php?rest_route=%2Fwp%2Fv2%2Ftags&post=14964"}],"curies":[{"name":"wp","href":"https:\/\/api.w.org\/{rel}","templated":true}]}}